{"id":4844,"date":"2018-10-16T14:36:26","date_gmt":"2018-10-16T12:36:26","guid":{"rendered":"http:\/\/droitelectoral.blog.lemonde.fr\/?p=4844"},"modified":"2018-10-16T14:36:26","modified_gmt":"2018-10-16T12:36:26","slug":"16-10-2018-colloque-de-la-commission-des-sondages-sondages-et-debat-electoral-le-19-octobre-a-9h-au-conseil-detat","status":"publish","type":"post","link":"https:\/\/blogdudroitelectoral.fr\/?p=4844","title":{"rendered":"16\/10\/2018 &#8211; Colloque de la commission des sondages : sondages et d\u00e9bat \u00e9lectoral (le 19 octobre \u00e0 9h au Conseil d&rsquo;Etat)"},"content":{"rendered":"<p style=\"text-align: justify\">Chers lecteurs, ch\u00e8res lectrices,<\/p>\n<p style=\"text-align: justify\"><a href=\"http:\/\/droitelectoral.blog.lemonde.fr\/files\/2018\/10\/sans-titre.png\"><img loading=\"lazy\" decoding=\"async\" class=\" wp-image-4845 alignright\" src=\"http:\/\/droitelectoral.blog.lemonde.fr\/files\/2018\/10\/sans-titre-212x300.png\" alt=\"\" width=\"199\" height=\"282\" \/><\/a>Voil\u00e0 un colloque qui devrait passionner les amateurs de vie politique et de droit \u00e9lectoral. La commission des sondages organise, avec l&rsquo;universit\u00e9 Paris Descartes,\u00a0\u00a0<a href=\"http:\/\/www.commission-des-sondages.fr\/\">un colloque consacr\u00e9 aux rapports entre les sondages et le d\u00e9bat \u00e9lectoral.\u00a0 (vendredi 19 octobre \u00e0 partir de 9h, en salle d&rsquo;Assembl\u00e9e g\u00e9n\u00e9rale du Conseil d&rsquo;Etat)<\/a><\/p>\n<p class=\"Style1\" style=\"text-align: justify\">Ce colloque, a pour objet l\u2019\u00e9tude de l\u2019impact des sondages d\u2019intentions de vote sur le cours du d\u00e9bat \u00e9lectoral. R\u00e9unissant des universitaires, journalistes politiques et repr\u00e9sentants des instituts, il comportera deux tables rondes respectivement consacr\u00e9es \u00e0 la structuration de l\u2019offre politique et au d\u00e9roulement des campagnes \u00e9lectorales. Des \u00e9changes avec le public sont pr\u00e9vus.<\/p>\n<p>Venez nombreux !<\/p>\n<p style=\"text-align: justify\"><img decoding=\"async\" src=\"http:\/\/www.commission-des-sondages.fr\/img\/bd-jaune-30.png\" alt=\"#\" \/><\/p>\n<p>Le programme :<\/p>\n<p style=\"text-align: justify\">9h30\u00a0: Ouverture par Mme Marie-\u00c8ve Aubin, Pr\u00e9sidente de la commission des sondages.<br \/>\n9h45-11h15 : 1\u00e8re Table ronde<br \/>\nLES SONDAGES ET LA STRUCTURATION DE L&rsquo;OFFRE POLITIQUE<\/p>\n<p style=\"text-align: justify\">Mod\u00e9rateur\u00a0: M. Mattias Guyomar, Conseiller d&rsquo;Etat, secr\u00e9taire g\u00e9n\u00e9ral de la commission des sondages.<\/p>\n<p style=\"text-align: justify\">Participants :<br \/>\n\u2013 Mme Ruth Elkrief, BfmTv<br \/>\n\u2013 Mme Anne Levade, Professeur de droit \u00e0 l&rsquo;universit\u00e9 Paris-Est Cr\u00e9teil Val-de-Marne<br \/>\n\u2013 M.\u00a0Bruno Cautr\u00e8s, Chercheur au CNRS, C\u00e9vipof<br \/>\n\u2013 M. Jean-Daniel L\u00e9vy, Directeur d&rsquo;Harris Interractive<br \/>\n\u2013 M. Fr\u00e9d\u00e9ric Dabi, Directeur de l&rsquo;Ifop<br \/>\n\u2013 M. Fr\u00e9d\u00e9ric Micheau, Directeur d&rsquo;OpinionWay<\/p>\n<p style=\"text-align: justify\">\u2013 M. Bernard Sananes, Pr\u00e9sident d\u2019Elabe<\/p>\n<p style=\"text-align: justify\"><img decoding=\"async\" src=\"http:\/\/www.commission-des-sondages.fr\/img\/bd-jaune-30.png\" alt=\"#\" \/><\/p>\n<p class=\"Style1\" style=\"text-align: justify\">11h15-12h45 : 2\u00e8me Table ronde<br \/>\nLES SONDAGES ET LE D\u00c9ROULEMENT DES CAMPAGNES \u00c9LECTORALES<\/p>\n<p style=\"text-align: justify\">Mod\u00e9rateur\u00a0: M. Bernard Poujade, Professeur \u00e0 l&rsquo;universit\u00e9 Paris-Descartes.<\/p>\n<p style=\"text-align: justify\">Participants\u00a0:<br \/>\n\u2013 M.\u00a0G\u00e9rard Courtois, Directeur \u00e9ditorial, Le Monde<br \/>\n\u2013 M.\u00a0Fran\u00e7ois Kalfon, Conseiller r\u00e9gional d&rsquo;\u00cele-de-France<br \/>\n\u2013 M.\u00a0Dominique Reyni\u00e9, Professeur \u00e0 Sciences Po<br \/>\n\u2013 M. Romain Rambaud, Professeur de Droit \u00e0 l&rsquo;Universit\u00e9 de Grenoble<br \/>\n\u2013 M. Ga\u00ebl Sliman Pr\u00e9sident d&rsquo;Odoxa<br \/>\n\u2013 M. Emmanuel Rivi\u00e8re, Directeur g\u00e9n\u00e9ral de Kantar Public France<br \/>\n\u2013 M. Jean-Fran\u00e7ois Doridot, Directeur d&rsquo;IPSOS<\/p>\n<p style=\"text-align: justify\">\u2013 M. Edouard Lecerf, Directeur de BVA<\/p>\n<p style=\"text-align: justify\">12h45\u00a0: Synth\u00e8se par M. Bruno Daugeron, Professeur \u00e0 l&rsquo;universit\u00e9 Paris-Descartes.<\/p>\n<p class=\"Style1\" style=\"text-align: justify\">INSCRIPTIONS<\/p>\n<p style=\"text-align: justify\">En raison des mesures de s\u00e9curit\u00e9 en vigueur, l&rsquo;inscription pr\u00e9alable est obligatoire<br \/>\n\u00e0 l\u2019adresse :\u00a0<a href=\"mailto:commissiondessondages@wanadoo.fr\">commissiondessondages@wanadoo.fr<\/a><br \/>\nen pr\u00e9cisant votre nom, mail, n\u00b0 t\u00e9l\u00e9phone portable.<\/p>\n<p style=\"text-align: justify\">Pour tout renseignement vous pouvez joindre le secr\u00e9tariat de la commission des sondages<br \/>\npar mail ou par t\u00e9l\u00e9phone : 01 72 60 58 58<\/p>\n","protected":false},"excerpt":{"rendered":"<p>Chers lecteurs, ch\u00e8res lectrices, Voil\u00e0 un colloque qui devrait passionner les amateurs de vie politique et de droit \u00e9lectoral. La commission des sondages organise, avec l&rsquo;universit\u00e9 Paris Descartes,\u00a0\u00a0un colloque consacr\u00e9 aux rapports entre les sondages et le d\u00e9bat \u00e9lectoral.\u00a0 (vendredi 19 octobre \u00e0 partir de 9h, en salle d&rsquo;Assembl\u00e9e g\u00e9n\u00e9rale du Conseil d&rsquo;Etat) Ce colloque, &hellip; <a href=\"https:\/\/blogdudroitelectoral.fr\/?p=4844\" class=\"more-link\">Continuer la lecture<span class=\"screen-reader-text\"> de &laquo;&nbsp;16\/10\/2018 &#8211; Colloque de la commission des sondages : sondages et d\u00e9bat \u00e9lectoral (le 19 octobre \u00e0 9h au Conseil d&rsquo;Etat)&nbsp;&raquo;<\/span><\/a><\/p>\n","protected":false},"author":1,"featured_media":4847,"comment_status":"open","ping_status":"closed","sticky":false,"template":"","format":"standard","meta":{"footnotes":""},"categories":[3,4],"tags":[313,469,585,1009],"class_list":["post-4844","post","type-post","status-publish","format-standard","has-post-thumbnail","hentry","category-ancien-blog","category-annonces-devenements","tag-debat-electoral","tag-equite","tag-instituts-de-sondage","tag-sondages"],"_links":{"self":[{"href":"https:\/\/blogdudroitelectoral.fr\/index.php?rest_route=\/wp\/v2\/posts\/4844","targetHints":{"allow":["GET"]}}],"collection":[{"href":"https:\/\/blogdudroitelectoral.fr\/index.php?rest_route=\/wp\/v2\/posts"}],"about":[{"href":"https:\/\/blogdudroitelectoral.fr\/index.php?rest_route=\/wp\/v2\/types\/post"}],"author":[{"embeddable":true,"href":"https:\/\/blogdudroitelectoral.fr\/index.php?rest_route=\/wp\/v2\/users\/1"}],"replies":[{"embeddable":true,"href":"https:\/\/blogdudroitelectoral.fr\/index.php?rest_route=%2Fwp%2Fv2%2Fcomments&post=4844"}],"version-history":[{"count":0,"href":"https:\/\/blogdudroitelectoral.fr\/index.php?rest_route=\/wp\/v2\/posts\/4844\/revisions"}],"wp:featuredmedia":[{"embeddable":true,"href":"https:\/\/blogdudroitelectoral.fr\/index.php?rest_route=\/"}],"wp:attachment":[{"href":"https:\/\/blogdudroitelectoral.fr\/index.php?rest_route=%2Fwp%2Fv2%2Fmedia&parent=4844"}],"wp:term":[{"taxonomy":"category","embeddable":true,"href":"https:\/\/blogdudroitelectoral.fr\/index.php?rest_route=%2Fwp%2Fv2%2Fcategories&post=4844"},{"taxonomy":"post_tag","embeddable":true,"href":"https:\/\/blogdudroitelectoral.fr\/index.php?rest_route=%2Fwp%2Fv2%2Ftags&post=4844"}],"curies":[{"name":"wp","href":"https:\/\/api.w.org\/{rel}","templated":true}]}}