{"id":22848,"date":"2026-09-03T18:29:08","date_gmt":"2026-09-03T16:29:08","guid":{"rendered":"https:\/\/blogdudroitelectoral.fr\/?p=22848"},"modified":"2026-09-03T18:36:47","modified_gmt":"2026-09-03T16:36:47","slug":"au-nom-du-droit-candidature-a-lelection-presidentielle-les-regles-du-jeu-retrouvez-le-podcast-de-lemission-de-france-culture-r-rambaud","status":"publish","type":"post","link":"https:\/\/blogdudroitelectoral.fr\/?p=22848","title":{"rendered":"Au nom du droit \/ Candidature \u00e0 l&rsquo;\u00e9lection pr\u00e9sidentielle : les r\u00e8gles du jeu. Retrouvez le podcast de l&rsquo;\u00e9mission de France Culture [R. Rambaud]"},"content":{"rendered":"\n<p class=\"wp-block-paragraph\">\u00c0 l&rsquo;heure o\u00f9 les questions de d\u00e9mocratie, d&rsquo;\u00c9tat de droit et de s\u00e9paration des pouvoirs occupent une place croissante dans le d\u00e9bat public, en particulier \u00e0 l&rsquo;approche de l&rsquo;\u00e9lection pr\u00e9sidentielle,\u00a0<em>Au nom du Droit<\/em>\u00a0sur France Culture, pr\u00e9par\u00e9 et pr\u00e9sent\u00e9 par Anne-Charl\u00e8ne Bezzina d\u00e9crypte l&rsquo;actualit\u00e9 et les enjeux de soci\u00e9t\u00e9 \u00e0 travers le prisme du droit. Elle explore les textes, les institutions et les \u00e9quilibres derri\u00e8re les controverses politiques, les d\u00e9cisions publiques et les \u00e9volutions de notre soci\u00e9t\u00e9.<\/p>\n\n\n\n<p class=\"wp-block-paragraph\">J\u2019ai eu le plaisir d\u2019inaugurer la saison demain avec une \u00e9mission con, sacr\u00e9e \u00e0 l\u2019\u00e9lection pr\u00e9sidentielle, pour un tour d\u2019horizon juridique englobant les primaires, les parrainages, la campagne \u00e9lectorale, le financement, le contentieux, etc. De quoi commencer en beaut\u00e9 cette ann\u00e9e \u00e9lectorale consacr\u00e9e.<\/p>\n\n\n\n<p class=\"wp-block-paragraph\">Vous trouverez, <a href=\"https:\/\/www.radiofrance.fr\/franceculture\/podcasts\/au-nom-du-droit\/candidature-a-l-election-presidentielle-les-regles-du-jeu-4930143\">ici, le lien vers le site internet de l&rsquo;\u00e9mission<\/a>, et ci-dessous, le podcast :<\/p>\n\n\n\n<p class=\"wp-block-paragraph\"><a href=\"https:\/\/embed.radiofrance.fr\/franceculture\/diffusion\/4ce8b32c-9379-4f1b-abe7-7f089f5a4531\">https:\/\/embed.radiofrance.fr\/franceculture\/diffusion\/4ce8b32c-9379-4f1b-abe7-7f089f5a4531<\/a><\/p>\n\n\n\n<p class=\"wp-block-paragraph\">L&rsquo;occasion aussi, d&rsquo;annoncer \u00e0 la radio avant de le faire sur ce blog, la surprise promise avant les vacances d&rsquo;\u00e9t\u00e9 !<\/p>\n\n\n\n<p class=\"wp-block-paragraph\"><strong>Romain Rambaud<\/strong><\/p>\n\n\n\n<figure class=\"wp-block-image size-full\"><img loading=\"lazy\" decoding=\"async\" width=\"335\" height=\"356\" src=\"https:\/\/blogdudroitelectoral.fr\/wp-content\/uploads\/2026\/04\/Romain-Rambaud-2.jpg\" alt=\"\" class=\"wp-image-22579\" srcset=\"https:\/\/blogdudroitelectoral.fr\/wp-content\/uploads\/2026\/04\/Romain-Rambaud-2.jpg 335w, https:\/\/blogdudroitelectoral.fr\/wp-content\/uploads\/2026\/04\/Romain-Rambaud-2-282x300.jpg 282w\" sizes=\"auto, (max-width: 335px) 85vw, 335px\" \/><\/figure>\n","protected":false},"excerpt":{"rendered":"<p>\u00c0 l&rsquo;heure o\u00f9 les questions de d\u00e9mocratie, d&rsquo;\u00c9tat de droit et de s\u00e9paration des pouvoirs occupent une place croissante dans le d\u00e9bat public, en particulier \u00e0 l&rsquo;approche de l&rsquo;\u00e9lection pr\u00e9sidentielle,\u00a0Au nom du Droit\u00a0sur France Culture, pr\u00e9par\u00e9 et pr\u00e9sent\u00e9 par Anne-Charl\u00e8ne Bezzina d\u00e9crypte l&rsquo;actualit\u00e9 et les enjeux de soci\u00e9t\u00e9 \u00e0 travers le prisme du droit. Elle &hellip; <a href=\"https:\/\/blogdudroitelectoral.fr\/?p=22848\" class=\"more-link\">Continuer la lecture<span class=\"screen-reader-text\"> de &laquo;&nbsp;Au nom du droit \/ Candidature \u00e0 l&rsquo;\u00e9lection pr\u00e9sidentielle : les r\u00e8gles du jeu. Retrouvez le podcast de l&rsquo;\u00e9mission de France Culture [R. Rambaud]&nbsp;&raquo;<\/span><\/a><\/p>\n","protected":false},"author":1,"featured_media":0,"comment_status":"closed","ping_status":"closed","sticky":false,"template":"","format":"standard","meta":{"footnotes":""},"categories":[1],"tags":[],"class_list":["post-22848","post","type-post","status-publish","format-standard","hentry","category-non-classe"],"_links":{"self":[{"href":"https:\/\/blogdudroitelectoral.fr\/index.php?rest_route=\/wp\/v2\/posts\/22848","targetHints":{"allow":["GET"]}}],"collection":[{"href":"https:\/\/blogdudroitelectoral.fr\/index.php?rest_route=\/wp\/v2\/posts"}],"about":[{"href":"https:\/\/blogdudroitelectoral.fr\/index.php?rest_route=\/wp\/v2\/types\/post"}],"author":[{"embeddable":true,"href":"https:\/\/blogdudroitelectoral.fr\/index.php?rest_route=\/wp\/v2\/users\/1"}],"replies":[{"embeddable":true,"href":"https:\/\/blogdudroitelectoral.fr\/index.php?rest_route=%2Fwp%2Fv2%2Fcomments&post=22848"}],"version-history":[{"count":5,"href":"https:\/\/blogdudroitelectoral.fr\/index.php?rest_route=\/wp\/v2\/posts\/22848\/revisions"}],"predecessor-version":[{"id":22854,"href":"https:\/\/blogdudroitelectoral.fr\/index.php?rest_route=\/wp\/v2\/posts\/22848\/revisions\/22854"}],"wp:attachment":[{"href":"https:\/\/blogdudroitelectoral.fr\/index.php?rest_route=%2Fwp%2Fv2%2Fmedia&parent=22848"}],"wp:term":[{"taxonomy":"category","embeddable":true,"href":"https:\/\/blogdudroitelectoral.fr\/index.php?rest_route=%2Fwp%2Fv2%2Fcategories&post=22848"},{"taxonomy":"post_tag","embeddable":true,"href":"https:\/\/blogdudroitelectoral.fr\/index.php?rest_route=%2Fwp%2Fv2%2Ftags&post=22848"}],"curies":[{"name":"wp","href":"https:\/\/api.w.org\/{rel}","templated":true}]}}