{"id":22840,"date":"2026-09-02T17:00:16","date_gmt":"2026-09-02T15:00:16","guid":{"rendered":"https:\/\/blogdudroitelectoral.fr\/?p=22840"},"modified":"2026-09-02T17:04:53","modified_gmt":"2026-09-02T15:04:53","slug":"rentree-du-blog-du-droit-electoral-romain-rambaud-invite-danne-charlene-bezzina-pour-un-tour-dhorizon-juridique-de-lelection-presidentielle-france-culture-au-nom-du-droit-jeudi-3-septembre","status":"publish","type":"post","link":"https:\/\/blogdudroitelectoral.fr\/?p=22840","title":{"rendered":"Rentr\u00e9e du blog du droit \u00e9lectoral : Romain Rambaud invit\u00e9 d&rsquo;Anne-Charl\u00e8ne Bezzina pour un tour d&rsquo;horizon juridique de l&rsquo;\u00e9lection pr\u00e9sidentielle [France Culture, Au nom du droit, jeudi 3 septembre, 14h\/15h]"},"content":{"rendered":"\n<p class=\"wp-block-paragraph\">Ch\u00e8res lectrices et chers lecteurs,<\/p>\n\n\n\n<p class=\"wp-block-paragraph\">En cette rentr\u00e9e, France Culture lance\u00a0<em>Au nom du Droit<\/em>, un nouveau rendez-vous hebdomadaire consacr\u00e9 aux grandes questions juridiques qui traversent la soci\u00e9t\u00e9 fran\u00e7aise. L&rsquo;\u00e9mission est organis\u00e9e et pr\u00e9sent\u00e9e par Anne-Charl\u00e8ne Bezzina (<a href=\"https:\/\/www.radiofrance.fr\/franceculture\/anne-charlene-bezzina-rejoint-france-culture-a-la-rentree-avec-au-nom-du-droit-7234506\">Anne-Charl\u00e8ne Bezzina rejoint France Culture \u00e0 la rentr\u00e9e avec \u00ab\u00a0Au nom du Droit\u00a0\u00bb<\/a>), le jeudi, de 14h \u00e0 15h.<\/p>\n\n\n\n<p class=\"wp-block-paragraph\">J&rsquo;aurai le plaisir d&rsquo;inaugurer la saison demain avec une \u00e9mission consacr\u00e9e \u00e0 l&rsquo;\u00e9lection pr\u00e9sidentielle, pour un tour d&rsquo;horizon juridique englobant les primaires, les parrainages, la campagne \u00e9lectorale, le financement, le contentieux, etc. De quoi commencer en beaut\u00e9 cette ann\u00e9e \u00e9lectorale consacr\u00e9e, dans un premier temps, \u00e0 l&rsquo;\u00e9lection du (ou de la) Pr\u00e9sident(e) de la R\u00e9publique !<\/p>\n\n\n\n<p class=\"wp-block-paragraph\">Au plaisir d&rsquo;avoir votre \u00e9coute et bonne rentr\u00e9e !<\/p>\n\n\n\n<p class=\"wp-block-paragraph\"><strong>Romain Rambaud<\/strong><\/p>\n\n\n\n<figure class=\"wp-block-image size-full is-resized\"><img loading=\"lazy\" decoding=\"async\" width=\"335\" height=\"356\" src=\"https:\/\/blogdudroitelectoral.fr\/wp-content\/uploads\/2026\/04\/Romain-Rambaud-2.jpg\" alt=\"\" class=\"wp-image-22579\" style=\"width:235px;height:auto\" srcset=\"https:\/\/blogdudroitelectoral.fr\/wp-content\/uploads\/2026\/04\/Romain-Rambaud-2.jpg 335w, https:\/\/blogdudroitelectoral.fr\/wp-content\/uploads\/2026\/04\/Romain-Rambaud-2-282x300.jpg 282w\" sizes=\"auto, (max-width: 335px) 85vw, 335px\" \/><\/figure>\n","protected":false},"excerpt":{"rendered":"<p>Ch\u00e8res lectrices et chers lecteurs, En cette rentr\u00e9e, France Culture lance\u00a0Au nom du Droit, un nouveau rendez-vous hebdomadaire consacr\u00e9 aux grandes questions juridiques qui traversent la soci\u00e9t\u00e9 fran\u00e7aise. L&rsquo;\u00e9mission est organis\u00e9e et pr\u00e9sent\u00e9e par Anne-Charl\u00e8ne Bezzina (Anne-Charl\u00e8ne Bezzina rejoint France Culture \u00e0 la rentr\u00e9e avec \u00ab\u00a0Au nom du Droit\u00a0\u00bb), le jeudi, de 14h \u00e0 15h. &hellip; <a href=\"https:\/\/blogdudroitelectoral.fr\/?p=22840\" class=\"more-link\">Continuer la lecture<span class=\"screen-reader-text\"> de &laquo;&nbsp;Rentr\u00e9e du blog du droit \u00e9lectoral : Romain Rambaud invit\u00e9 d&rsquo;Anne-Charl\u00e8ne Bezzina pour un tour d&rsquo;horizon juridique de l&rsquo;\u00e9lection pr\u00e9sidentielle [France Culture, Au nom du droit, jeudi 3 septembre, 14h\/15h]&nbsp;&raquo;<\/span><\/a><\/p>\n","protected":false},"author":1,"featured_media":0,"comment_status":"closed","ping_status":"closed","sticky":false,"template":"","format":"standard","meta":{"footnotes":""},"categories":[1],"tags":[],"class_list":["post-22840","post","type-post","status-publish","format-standard","hentry","category-non-classe"],"_links":{"self":[{"href":"https:\/\/blogdudroitelectoral.fr\/index.php?rest_route=\/wp\/v2\/posts\/22840","targetHints":{"allow":["GET"]}}],"collection":[{"href":"https:\/\/blogdudroitelectoral.fr\/index.php?rest_route=\/wp\/v2\/posts"}],"about":[{"href":"https:\/\/blogdudroitelectoral.fr\/index.php?rest_route=\/wp\/v2\/types\/post"}],"author":[{"embeddable":true,"href":"https:\/\/blogdudroitelectoral.fr\/index.php?rest_route=\/wp\/v2\/users\/1"}],"replies":[{"embeddable":true,"href":"https:\/\/blogdudroitelectoral.fr\/index.php?rest_route=%2Fwp%2Fv2%2Fcomments&post=22840"}],"version-history":[{"count":7,"href":"https:\/\/blogdudroitelectoral.fr\/index.php?rest_route=\/wp\/v2\/posts\/22840\/revisions"}],"predecessor-version":[{"id":22847,"href":"https:\/\/blogdudroitelectoral.fr\/index.php?rest_route=\/wp\/v2\/posts\/22840\/revisions\/22847"}],"wp:attachment":[{"href":"https:\/\/blogdudroitelectoral.fr\/index.php?rest_route=%2Fwp%2Fv2%2Fmedia&parent=22840"}],"wp:term":[{"taxonomy":"category","embeddable":true,"href":"https:\/\/blogdudroitelectoral.fr\/index.php?rest_route=%2Fwp%2Fv2%2Fcategories&post=22840"},{"taxonomy":"post_tag","embeddable":true,"href":"https:\/\/blogdudroitelectoral.fr\/index.php?rest_route=%2Fwp%2Fv2%2Ftags&post=22840"}],"curies":[{"name":"wp","href":"https:\/\/api.w.org\/{rel}","templated":true}]}}