{"id":22578,"date":"2026-04-30T15:46:50","date_gmt":"2026-04-30T13:46:50","guid":{"rendered":"https:\/\/blogdudroitelectoral.fr\/?p=22578"},"modified":"2026-04-30T16:07:04","modified_gmt":"2026-04-30T14:07:04","slug":"reprise-lente-et-progressive-du-blog-du-droit-electoral-r-rambaud","status":"publish","type":"post","link":"https:\/\/blogdudroitelectoral.fr\/?p=22578","title":{"rendered":"Reprise lente et progressive du blog du droit \u00e9lectoral [R. Rambaud]"},"content":{"rendered":"\n<p>Ch\u00e8res lectrices et chers lecteurs,<\/p>\n\n\n\n<p>Apr\u00e8s plusieurs mois d&rsquo;interruption pour cause de travail de fond, le blog du droit \u00e9lectoral peut reprendre ses activit\u00e9s. <br><\/p>\n\n\n\n<p>Tr\u00e8s lentement et tr\u00e8s progressivement cependant, car ledit travail de fond n&rsquo;est pas termin\u00e9, m\u00eame s&rsquo;il est d\u00e9sormais suffisamment avanc\u00e9&#8230; C&rsquo;est une surprise !<br><br>On se contentera probablement pendant les semaines \u00e0 venir d&rsquo;annoncer des \u00e9v\u00e9nements plut\u00f4t que de publier des articles d&rsquo;actualit\u00e9 de fond, mais c&rsquo;est \u00e0 suivre. De toute fa\u00e7on la p\u00e9riode est heureusement assez clame&#8230; avant la temp\u00eate qui \u00e9clatera \u00e0 partir de la rentr\u00e9e de septembre 2026 !<\/p>\n\n\n\n<p>Merci pour votre compr\u00e9hension et \u00e0 bient\u00f4t !<\/p>\n\n\n\n<p>Romain Rambaud<\/p>\n\n\n<div class=\"wp-block-image\">\n<figure class=\"aligncenter size-full\"><img loading=\"lazy\" decoding=\"async\" width=\"335\" height=\"356\" src=\"https:\/\/blogdudroitelectoral.fr\/wp-content\/uploads\/2026\/04\/Romain-Rambaud-2.jpg\" alt=\"\" class=\"wp-image-22579\" srcset=\"https:\/\/blogdudroitelectoral.fr\/wp-content\/uploads\/2026\/04\/Romain-Rambaud-2.jpg 335w, https:\/\/blogdudroitelectoral.fr\/wp-content\/uploads\/2026\/04\/Romain-Rambaud-2-282x300.jpg 282w\" sizes=\"auto, (max-width: 335px) 85vw, 335px\" \/><\/figure>\n<\/div>","protected":false},"excerpt":{"rendered":"<p>Ch\u00e8res lectrices et chers lecteurs, Apr\u00e8s plusieurs mois d&rsquo;interruption pour cause de travail de fond, le blog du droit \u00e9lectoral peut reprendre ses activit\u00e9s. Tr\u00e8s lentement et tr\u00e8s progressivement cependant, car ledit travail de fond n&rsquo;est pas termin\u00e9, m\u00eame s&rsquo;il est d\u00e9sormais suffisamment avanc\u00e9&#8230; C&rsquo;est une surprise ! On se contentera probablement pendant les semaines &hellip; <a href=\"https:\/\/blogdudroitelectoral.fr\/?p=22578\" class=\"more-link\">Continuer la lecture<span class=\"screen-reader-text\"> de &laquo;&nbsp;Reprise lente et progressive du blog du droit \u00e9lectoral [R. Rambaud]&nbsp;&raquo;<\/span><\/a><\/p>\n","protected":false},"author":1,"featured_media":0,"comment_status":"closed","ping_status":"closed","sticky":false,"template":"","format":"standard","meta":{"footnotes":""},"categories":[1],"tags":[],"class_list":["post-22578","post","type-post","status-publish","format-standard","hentry","category-non-classe"],"_links":{"self":[{"href":"https:\/\/blogdudroitelectoral.fr\/index.php?rest_route=\/wp\/v2\/posts\/22578","targetHints":{"allow":["GET"]}}],"collection":[{"href":"https:\/\/blogdudroitelectoral.fr\/index.php?rest_route=\/wp\/v2\/posts"}],"about":[{"href":"https:\/\/blogdudroitelectoral.fr\/index.php?rest_route=\/wp\/v2\/types\/post"}],"author":[{"embeddable":true,"href":"https:\/\/blogdudroitelectoral.fr\/index.php?rest_route=\/wp\/v2\/users\/1"}],"replies":[{"embeddable":true,"href":"https:\/\/blogdudroitelectoral.fr\/index.php?rest_route=%2Fwp%2Fv2%2Fcomments&post=22578"}],"version-history":[{"count":3,"href":"https:\/\/blogdudroitelectoral.fr\/index.php?rest_route=\/wp\/v2\/posts\/22578\/revisions"}],"predecessor-version":[{"id":22582,"href":"https:\/\/blogdudroitelectoral.fr\/index.php?rest_route=\/wp\/v2\/posts\/22578\/revisions\/22582"}],"wp:attachment":[{"href":"https:\/\/blogdudroitelectoral.fr\/index.php?rest_route=%2Fwp%2Fv2%2Fmedia&parent=22578"}],"wp:term":[{"taxonomy":"category","embeddable":true,"href":"https:\/\/blogdudroitelectoral.fr\/index.php?rest_route=%2Fwp%2Fv2%2Fcategories&post=22578"},{"taxonomy":"post_tag","embeddable":true,"href":"https:\/\/blogdudroitelectoral.fr\/index.php?rest_route=%2Fwp%2Fv2%2Ftags&post=22578"}],"curies":[{"name":"wp","href":"https:\/\/api.w.org\/{rel}","templated":true}]}}